{"id":14074,"date":"2025-07-21T16:49:48","date_gmt":"2025-07-21T14:49:48","guid":{"rendered":"https:\/\/freistil.klingt.org\/blog\/?p=14074"},"modified":"2025-08-04T14:04:43","modified_gmt":"2025-08-04T12:04:43","slug":"whale","status":"publish","type":"post","link":"https:\/\/freistil.klingt.org\/blog\/whale\/","title":{"rendered":"whale"},"content":{"rendered":"\t\t<div data-elementor-type=\"wp-post\" data-elementor-id=\"14074\" class=\"elementor elementor-14074\">\n\t\t\t\t<div class=\"elementor-element elementor-element-42ae8f3 e-flex e-con-boxed e-con e-parent\" data-id=\"42ae8f3\" data-element_type=\"container\" data-e-type=\"container\">\n\t\t\t\t\t<div class=\"e-con-inner\">\n\t\t\t\t<div class=\"elementor-element elementor-element-4292450 elementor-widget elementor-widget-heading\" data-id=\"4292450\" data-element_type=\"widget\" data-e-type=\"widget\" data-widget_type=\"heading.default\">\n\t\t\t\t\t<span class=\"elementor-heading-title elementor-size-default\">WERNI \/ T\u00d6PP<\/span>\t\t\t\t<\/div>\n\t\t\t\t<div class=\"elementor-element elementor-element-9767e0b elementor-widget elementor-widget-text-editor\" data-id=\"9767e0b\" data-element_type=\"widget\" data-e-type=\"widget\" data-widget_type=\"text-editor.default\">\n\t\t\t\t\t\t\t\t\t\n<p><em>whale<\/em><br \/>Tonmanufaktur<br \/><strong>Stefan Werni<\/strong> (b), <strong>Thorsten T\u00f6pp<\/strong> (g); G\u00e4ste: <strong>Ludger Schmidt<\/strong> (c, e), <strong>Vincent Royer<\/strong> (v)<\/p>\n\t\t\t\t\t\t\t\t<\/div>\n\t\t\t\t<div class=\"elementor-element elementor-element-b4235ef elementor-widget elementor-widget-image\" data-id=\"b4235ef\" data-element_type=\"widget\" data-e-type=\"widget\" data-widget_type=\"image.default\">\n\t\t\t\t\t\t\t\t\t\t\t\t\t\t\t<img decoding=\"async\" src=\"https:\/\/freistil.klingt.org\/blog\/wp-content\/uploads\/elementor\/thumbs\/whale-r958lgh49s4gdpdp99zatkixd7qrinsdjci6orua4w.jpg\" title=\"whale\" alt=\"WERNI \/ T\u00d6PP \u2013 whale\" loading=\"lazy\" \/>\t\t\t\t\t\t\t\t\t\t\t\t\t\t\t<\/div>\n\t\t\t\t<div class=\"elementor-element elementor-element-01c7e3a elementor-widget elementor-widget-text-editor\" data-id=\"01c7e3a\" data-element_type=\"widget\" data-e-type=\"widget\" data-widget_type=\"text-editor.default\">\n\t\t\t\t\t\t\t\t\t\n<p>Die Aufnahme <em>Whale<\/em> ist das Verm\u00e4chtnis des Bassis\u00adten Stefan Werni, der im vergangenen Jahr pl\u00f6tzlich verstorben ist. Im Duo mit dem Gitarristen Thorsten T\u00f6pp er\u00adkundet er die Weiten und Un\u00adtiefen des Klangs \u2013 mal akustisch, mal elektronisch erweitert. Die drei Duo-St\u00fccke sind komplett frei improvisiert, auch wenn es nicht immer so klingt \u2013 das zeugt von einer tiefen Vertrautheit. Wir h\u00f6ren eine Art Unterwasser-Am\u00adbient-Musik, die mit fortlaufender Dauer einen schier un\u00adwiderstehlichen Sog entwickelt, so als hole der Wal einmal ganz tief Luft. Der Be\u00adginn ist gepr\u00e4gt von langsamen, sich wellenf\u00f6rmig fortbewegenden Patterns, die \u00e4u\u00dferst harmonisch daherkommen und die Weite des Klangs im Raum erkunden: Es ert\u00f6nen klagende Ge\u00ads\u00e4n\u00adge, die an die Sirenen der Odys\u00adsee erinnern und dazu einladen, innezuhalten. Im Lauf der Zeit ver\u00e4ndert sich die At\u00admosph\u00e4re lang\u00adsam, es wird dichter und freier. Die beiden letzten St\u00fccke sind Ausschnit\u00adte aus Live-Kon\u00adzerten: <em>Rock\u00adWhale<\/em> h\u00e4lt, was der doppeldeutige Titel verspricht. Es geht zur Sache, krachend und berauschend, unterst\u00fctzt von Ludger Schmidt am elektrischen Cello und an den Elec\u00adtronics. Effekte wie Distors\u00adtion, Phaser und Wah-Wah er\u00adzeugen eine Atmo\u00adsph\u00e4\u00adre, die trotz ihrer Wucht nie bedrohlich wirkt. Das kur\u00adze St\u00fcck <em>FarWhale<\/em> zum Ab\u00adschluss bildet nicht nur den Kontra\u00adpunkt, es ist auch ein w\u00fcrdiger, fast melancholischer Abschied, zu dem Vin\u00adcent Royer an der Vi\u00adola die passenden T\u00f6ne beisteuert. Es ist ein Ausschnitt vom ers\u00adten Konzert, das T\u00f6pp und Werni gemeinsam ge\u00adspielt haben und gleichzeitig ein leises fare-well.<\/p>\n\n<p class=\"has-text-align-right\"><em>(hop)<\/em><\/p>\n\t\t\t\t\t\t\t\t<\/div>\n\t\t\t\t\t<\/div>\n\t\t\t\t<\/div>\n\t\t\t\t<\/div>\n\t\t","protected":false},"excerpt":{"rendered":"<p>WERNI \/ T\u00d6PP whaleTonmanufakturStefan Werni (b), Thorsten T\u00f6pp (g); G\u00e4ste: Ludger Schmidt (c, e), Vincent Royer (v) Die Aufnahme Whale ist das Verm\u00e4chtnis des Bassis\u00adten Stefan Werni, der im vergangenen Jahr pl\u00f6tzlich verstorben ist. Im Duo mit dem Gitarristen Thorsten T\u00f6pp er\u00adkundet er die Weiten und Un\u00adtiefen des Klangs \u2013 mal akustisch, mal elektronisch erweitert. [&hellip;]<\/p>\n","protected":false},"author":8,"featured_media":14131,"comment_status":"closed","ping_status":"closed","sticky":false,"template":"","format":"standard","meta":{"_acf_changed":false,"footnotes":""},"categories":[7],"tags":[],"class_list":["post-14074","post","type-post","status-publish","format-standard","has-post-thumbnail","hentry","category-platten"],"acf":[],"_links":{"self":[{"href":"https:\/\/freistil.klingt.org\/blog\/wp-json\/wp\/v2\/posts\/14074","targetHints":{"allow":["GET"]}}],"collection":[{"href":"https:\/\/freistil.klingt.org\/blog\/wp-json\/wp\/v2\/posts"}],"about":[{"href":"https:\/\/freistil.klingt.org\/blog\/wp-json\/wp\/v2\/types\/post"}],"author":[{"embeddable":true,"href":"https:\/\/freistil.klingt.org\/blog\/wp-json\/wp\/v2\/users\/8"}],"replies":[{"embeddable":true,"href":"https:\/\/freistil.klingt.org\/blog\/wp-json\/wp\/v2\/comments?post=14074"}],"version-history":[{"count":22,"href":"https:\/\/freistil.klingt.org\/blog\/wp-json\/wp\/v2\/posts\/14074\/revisions"}],"predecessor-version":[{"id":14408,"href":"https:\/\/freistil.klingt.org\/blog\/wp-json\/wp\/v2\/posts\/14074\/revisions\/14408"}],"wp:featuredmedia":[{"embeddable":true,"href":"https:\/\/freistil.klingt.org\/blog\/wp-json\/wp\/v2\/media\/14131"}],"wp:attachment":[{"href":"https:\/\/freistil.klingt.org\/blog\/wp-json\/wp\/v2\/media?parent=14074"}],"wp:term":[{"taxonomy":"category","embeddable":true,"href":"https:\/\/freistil.klingt.org\/blog\/wp-json\/wp\/v2\/categories?post=14074"},{"taxonomy":"post_tag","embeddable":true,"href":"https:\/\/freistil.klingt.org\/blog\/wp-json\/wp\/v2\/tags?post=14074"}],"curies":[{"name":"wp","href":"https:\/\/api.w.org\/{rel}","templated":true}]}}