{"id":14217,"date":"2025-07-28T16:51:16","date_gmt":"2025-07-28T14:51:16","guid":{"rendered":"https:\/\/freistil.klingt.org\/blog\/?p=14217"},"modified":"2025-08-04T14:05:36","modified_gmt":"2025-08-04T12:05:36","slug":"live-at-radio-belgrade","status":"publish","type":"post","link":"https:\/\/freistil.klingt.org\/blog\/live-at-radio-belgrade\/","title":{"rendered":"live at radio belgrade"},"content":{"rendered":"\n<h2 class=\"wp-block-heading alignwide\" id=\"we-re-a-studio-in-berlin-with-an-international-practice-in-architecture-urban-planning-and-interior-design-we-believe-in-sharing-knowledge-and-promoting-dialogue-to-increase-the-creative-potential-of-collaboration\" style=\"font-size:20px;line-height:1.1\"><span style=\"color: #9a3625;\">TRIO ANJALI<\/span><\/h2>\n\n\n\n<p>live at radio belgrade<br><em>NotTwo<\/em><br><strong>Annette Giesriegl<\/strong> (voc, e), <strong>Jasna Jovi\u0107evi\u0107<\/strong> (as, ss, fl), <strong>Elisabeth Harnik<\/strong> (p, objekte)<\/p>\n\n\n\n<figure class=\"wp-block-image size-full is-resized\"><img fetchpriority=\"high\" decoding=\"async\" width=\"864\" height=\"840\" src=\"https:\/\/freistil.klingt.org\/blog\/wp-content\/uploads\/2025\/07\/trio_anjali.jpg\" alt=\"\" class=\"wp-image-14218\" style=\"width:200px\" srcset=\"https:\/\/freistil.klingt.org\/blog\/wp-content\/uploads\/2025\/07\/trio_anjali.jpg 864w, https:\/\/freistil.klingt.org\/blog\/wp-content\/uploads\/2025\/07\/trio_anjali-300x292.jpg 300w, https:\/\/freistil.klingt.org\/blog\/wp-content\/uploads\/2025\/07\/trio_anjali-768x747.jpg 768w\" sizes=\"(max-width: 864px) 100vw, 864px\" \/><\/figure>\n\n\n\n<p>Ein spannendes Trio hat bei Radio Belgrad einen gro\u00dfartigen Tontr\u00e4ger eingespielt \u2013 eine Folge des L\u00e4n\u00adder\u00ad\u00adaus\u00adtauschs des Grazer V:NM mit Serbien. Annette Gies\u00adriegl (Ge\u00adsang und Elektronik), Jas\u00adna Jovi\u0107evi\u0107 (Saxofone und Fl\u00f6te; sie pr\u00e4sentierte im Wie\u00adner echoraum vor dem Anjali-Kon\u00adzert auch ihr Buch <em>Women in Jazz) <\/em>und Elisabeth Harnik (Piano und Spielzeug) entwickeln darauf spannende Dis\u00adkurse zwischen entspannter Ruhe und existenzieller Erre\u00adgung. Vier l\u00e4ngere Tracks ent\u00adh\u00e4lt der Silberling, und das Trio unterh\u00e4lt sich ausgiebig, mal streng, mal unterhaltsam. Giesriegl stammelt, \u00e4chzt und zwitschert, nutzt so ihre reichen vokalen Ausdrucks\u00adm\u00f6g\u00adlichkeiten, schwebt textlos im Raum und begegnet dort Jovi\u0107evi\u0107s Sopransaxofon. Als Verbindung streichelt Harnik die Saiten des Klaviers, ein schwirrender, luftiger Beginn von <em>Sandclock. <\/em>Tempo wird rausgenommen, die Musik entschleunigt. Das St\u00fcck wird lyrischer, Harnik greift wieder in die Tasten, dehnt die pianistischen Exkurse, bringt das St\u00fcck zu einem hingehauchten Ende. <em>Lightyears away<\/em> be\u00adginnt mit Jovi\u0107evi\u0107 am Altsax allein, zuerst nachdenklich, dann zunehmend expressiv. Harnik geht in den Wider\u00adspruch. Sehr gelungen ist auch die Gestaltung der CD des polnischen NotTwo-La\u00adbels.<\/p>\n\n\n\n<p class=\"has-text-align-right\"><em>(haun)<\/em><\/p>\n\n\n\n<p><\/p>\n","protected":false},"excerpt":{"rendered":"<p>TRIO ANJALI live at radio belgradeNotTwoAnnette Giesriegl (voc, e), Jasna Jovi\u0107evi\u0107 (as, ss, fl), Elisabeth Harnik (p, objekte) Ein spannendes Trio hat bei Radio Belgrad einen gro\u00dfartigen Tontr\u00e4ger eingespielt \u2013 eine Folge des L\u00e4n\u00adder\u00ad\u00adaus\u00adtauschs des Grazer V:NM mit Serbien. Annette Gies\u00adriegl (Ge\u00adsang und Elektronik), Jas\u00adna Jovi\u0107evi\u0107 (Saxofone und Fl\u00f6te; sie pr\u00e4sentierte im Wie\u00adner echoraum vor [&hellip;]<\/p>\n","protected":false},"author":7,"featured_media":14218,"comment_status":"closed","ping_status":"closed","sticky":false,"template":"","format":"standard","meta":{"_acf_changed":false,"footnotes":""},"categories":[7],"tags":[],"class_list":["post-14217","post","type-post","status-publish","format-standard","has-post-thumbnail","hentry","category-platten"],"acf":[],"_links":{"self":[{"href":"https:\/\/freistil.klingt.org\/blog\/wp-json\/wp\/v2\/posts\/14217","targetHints":{"allow":["GET"]}}],"collection":[{"href":"https:\/\/freistil.klingt.org\/blog\/wp-json\/wp\/v2\/posts"}],"about":[{"href":"https:\/\/freistil.klingt.org\/blog\/wp-json\/wp\/v2\/types\/post"}],"author":[{"embeddable":true,"href":"https:\/\/freistil.klingt.org\/blog\/wp-json\/wp\/v2\/users\/7"}],"replies":[{"embeddable":true,"href":"https:\/\/freistil.klingt.org\/blog\/wp-json\/wp\/v2\/comments?post=14217"}],"version-history":[{"count":2,"href":"https:\/\/freistil.klingt.org\/blog\/wp-json\/wp\/v2\/posts\/14217\/revisions"}],"predecessor-version":[{"id":14380,"href":"https:\/\/freistil.klingt.org\/blog\/wp-json\/wp\/v2\/posts\/14217\/revisions\/14380"}],"wp:featuredmedia":[{"embeddable":true,"href":"https:\/\/freistil.klingt.org\/blog\/wp-json\/wp\/v2\/media\/14218"}],"wp:attachment":[{"href":"https:\/\/freistil.klingt.org\/blog\/wp-json\/wp\/v2\/media?parent=14217"}],"wp:term":[{"taxonomy":"category","embeddable":true,"href":"https:\/\/freistil.klingt.org\/blog\/wp-json\/wp\/v2\/categories?post=14217"},{"taxonomy":"post_tag","embeddable":true,"href":"https:\/\/freistil.klingt.org\/blog\/wp-json\/wp\/v2\/tags?post=14217"}],"curies":[{"name":"wp","href":"https:\/\/api.w.org\/{rel}","templated":true}]}}