{"id":14227,"date":"2025-07-28T17:12:52","date_gmt":"2025-07-28T15:12:52","guid":{"rendered":"https:\/\/freistil.klingt.org\/blog\/?p=14227"},"modified":"2025-07-29T12:21:40","modified_gmt":"2025-07-29T10:21:40","slug":"bread","status":"publish","type":"post","link":"https:\/\/freistil.klingt.org\/blog\/bread\/","title":{"rendered":"bread"},"content":{"rendered":"\n<h2 class=\"wp-block-heading alignwide\" id=\"we-re-a-studio-in-berlin-with-an-international-practice-in-architecture-urban-planning-and-interior-design-we-believe-in-sharing-knowledge-and-promoting-dialogue-to-increase-the-creative-potential-of-collaboration\" style=\"font-size:20px;line-height:1.1\"><span style=\"color: #9a3625;\">SYNESTHETIC4<\/span><\/h2>\n\n\n\n<p><em>bread<\/em> (LP\/CD)<br>Jazzwerkstatt<br><strong>Vincent Pongr\u00e1cz<\/strong> (cl, voc), <strong>Peter Rom<\/strong> (g), <strong>Manu Mayr<\/strong> (b), <strong>Andreas Lettner<\/strong> (dr)<\/p>\n\n\n\n<figure class=\"wp-block-image size-full is-resized\"><img fetchpriority=\"high\" decoding=\"async\" width=\"600\" height=\"600\" src=\"https:\/\/freistil.klingt.org\/blog\/wp-content\/uploads\/2025\/07\/bread-vinyl-synesthetic-4.jpg\" alt=\"\" class=\"wp-image-14385\" style=\"width:200px\" srcset=\"https:\/\/freistil.klingt.org\/blog\/wp-content\/uploads\/2025\/07\/bread-vinyl-synesthetic-4.jpg 600w, https:\/\/freistil.klingt.org\/blog\/wp-content\/uploads\/2025\/07\/bread-vinyl-synesthetic-4-300x300.jpg 300w, https:\/\/freistil.klingt.org\/blog\/wp-content\/uploads\/2025\/07\/bread-vinyl-synesthetic-4-150x150.jpg 150w, https:\/\/freistil.klingt.org\/blog\/wp-content\/uploads\/2025\/07\/bread-vinyl-synesthetic-4-64x64.jpg 64w, https:\/\/freistil.klingt.org\/blog\/wp-content\/uploads\/2025\/07\/bread-vinyl-synesthetic-4-540x540.jpg 540w\" sizes=\"(max-width: 600px) 100vw, 600px\" \/><\/figure>\n\n\n\n<p>Ungew\u00f6hnlich streng konzipierte Bestandteile dominieren das Brot des Quartetts von Vincent Pongr\u00e1cz, der \u00fcb\u00adlicherweise f\u00fcr seine kompositorische, stilistische und ge\u00addankliche Offenheit weltber\u00fchmt in Wien ist \u2026 Freilich k\u00f6nnte, wer wollte, <em>Bread<\/em> auch als einen von mehreren Hakenschl\u00e4gen des Klarinet\u00adtisten und Rappers interpretieren, als erfinderische Radi\u00adkalit\u00e4t. Die kleine Form, die Short Story, ist, ohne jetzt ex\u00adtra einen Raymond Carver zu bem\u00fchen, gro\u00dfe Kunst. Hier bewegt sich die Musik bisweilen gef\u00e4hrlich nahe an der Kleinkunst, am sagen wir leist\u00adbaren Effekt. Fesche Musik, zweifellos, wenigstens an der Oberfl\u00e4che. N\u00e4chstes Mal w\u00fcnscht sich der Rezensent, wenn er sich etwas w\u00fcnschen d\u00fcrfte, wieder etwas mehr Substanz und Tiefgang.<\/p>\n\n\n\n<p class=\"has-text-align-right\"><em>(felix)<\/em><\/p>\n\n\n\n<p><\/p>\n","protected":false},"excerpt":{"rendered":"<p>SYNESTHETIC4 bread (LP\/CD)JazzwerkstattVincent Pongr\u00e1cz (cl, voc), Peter Rom (g), Manu Mayr (b), Andreas Lettner (dr) Ungew\u00f6hnlich streng konzipierte Bestandteile dominieren das Brot des Quartetts von Vincent Pongr\u00e1cz, der \u00fcb\u00adlicherweise f\u00fcr seine kompositorische, stilistische und ge\u00addankliche Offenheit weltber\u00fchmt in Wien ist \u2026 Freilich k\u00f6nnte, wer wollte, Bread auch als einen von mehreren Hakenschl\u00e4gen des Klarinet\u00adtisten und [&hellip;]<\/p>\n","protected":false},"author":2,"featured_media":14385,"comment_status":"closed","ping_status":"closed","sticky":false,"template":"","format":"standard","meta":{"_acf_changed":false,"footnotes":""},"categories":[7],"tags":[],"class_list":["post-14227","post","type-post","status-publish","format-standard","has-post-thumbnail","hentry","category-platten"],"acf":[],"_links":{"self":[{"href":"https:\/\/freistil.klingt.org\/blog\/wp-json\/wp\/v2\/posts\/14227","targetHints":{"allow":["GET"]}}],"collection":[{"href":"https:\/\/freistil.klingt.org\/blog\/wp-json\/wp\/v2\/posts"}],"about":[{"href":"https:\/\/freistil.klingt.org\/blog\/wp-json\/wp\/v2\/types\/post"}],"author":[{"embeddable":true,"href":"https:\/\/freistil.klingt.org\/blog\/wp-json\/wp\/v2\/users\/2"}],"replies":[{"embeddable":true,"href":"https:\/\/freistil.klingt.org\/blog\/wp-json\/wp\/v2\/comments?post=14227"}],"version-history":[{"count":3,"href":"https:\/\/freistil.klingt.org\/blog\/wp-json\/wp\/v2\/posts\/14227\/revisions"}],"predecessor-version":[{"id":14387,"href":"https:\/\/freistil.klingt.org\/blog\/wp-json\/wp\/v2\/posts\/14227\/revisions\/14387"}],"wp:featuredmedia":[{"embeddable":true,"href":"https:\/\/freistil.klingt.org\/blog\/wp-json\/wp\/v2\/media\/14385"}],"wp:attachment":[{"href":"https:\/\/freistil.klingt.org\/blog\/wp-json\/wp\/v2\/media?parent=14227"}],"wp:term":[{"taxonomy":"category","embeddable":true,"href":"https:\/\/freistil.klingt.org\/blog\/wp-json\/wp\/v2\/categories?post=14227"},{"taxonomy":"post_tag","embeddable":true,"href":"https:\/\/freistil.klingt.org\/blog\/wp-json\/wp\/v2\/tags?post=14227"}],"curies":[{"name":"wp","href":"https:\/\/api.w.org\/{rel}","templated":true}]}}