{"id":14662,"date":"2025-08-18T14:15:23","date_gmt":"2025-08-18T12:15:23","guid":{"rendered":"https:\/\/freistil.klingt.org\/blog\/?p=14662"},"modified":"2025-08-18T15:31:31","modified_gmt":"2025-08-18T13:31:31","slug":"so-geht-sozialismus","status":"publish","type":"post","link":"https:\/\/freistil.klingt.org\/blog\/so-geht-sozialismus\/","title":{"rendered":"So geht Sozialismus"},"content":{"rendered":"\n<h4 class=\"wp-block-heading\">Hotel Pupik, Scheifling\/Murau, 8. bis 10. August<\/h4>\n\n\n\n<h6 class=\"wp-block-heading\"><\/h6>\n\n\n\n<figure class=\"wp-block-image size-large\"><img fetchpriority=\"high\" decoding=\"async\" width=\"1024\" height=\"768\" src=\"https:\/\/freistil.klingt.org\/blog\/wp-content\/uploads\/2025\/08\/pupik_zen-beate-1024x768.jpg\" alt=\"\" class=\"wp-image-14664\" srcset=\"https:\/\/freistil.klingt.org\/blog\/wp-content\/uploads\/2025\/08\/pupik_zen-beate-1024x768.jpg 1024w, https:\/\/freistil.klingt.org\/blog\/wp-content\/uploads\/2025\/08\/pupik_zen-beate-300x225.jpg 300w, https:\/\/freistil.klingt.org\/blog\/wp-content\/uploads\/2025\/08\/pupik_zen-beate-768x576.jpg 768w, https:\/\/freistil.klingt.org\/blog\/wp-content\/uploads\/2025\/08\/pupik_zen-beate-1536x1152.jpg 1536w, https:\/\/freistil.klingt.org\/blog\/wp-content\/uploads\/2025\/08\/pupik_zen-beate.jpg 2016w\" sizes=\"(max-width: 1024px) 100vw, 1024px\" \/><figcaption class=\"wp-element-caption\">Sataraxz. Foto: Beate Wallner<\/figcaption><\/figure>\n\n\n\n<p>Auch die br\u00fctende Hitze kann dem solit\u00e4ren soziokulturellen Treiben in der Schwarzenberg&#8217;schen Meierei bzw. im Hotel Pupik nichts anhaben. Der Mix aus bildender Kunst und Musik in anregendem und angeregtem Ambiente macht die Veranstaltung in der hintersten Obersteiermark zum so niederschwelligen wie lustbetonten Ereignis.<\/p>\n\n\n\n<p>Zum wiederholten Mal fehlen dem Autor dieser Zeilen die Kenntnis und das Vokabular zur Beschreibung der bildenden Kunstwerke, gleiches gilt f\u00fcr die Er\u00f6ffnungsperformance <em>love in the age of loneliness<\/em> von Johanna Lettmayer. Umso mehr beeindruckt die multimediale Arbeit <em>another place<\/em> von <strong>Tibor Szemz\u00f6<\/strong>, der anhand von rund hundert Jahren alten Archivfilmen eine j\u00fcdische Familiengeschichte erz\u00e4hlt bzw. in mehreren Sprachen erz\u00e4hlen l\u00e4sst, die Station zwischen den USA und Ungarn angesiedelt ist und die mit analoger und digitaler Musik unterf\u00fcttert. Die Kombination aus sozialer H\u00e4rte und sanfter klanglicher \u00c4sthetik kulminiert in Szemz\u00f6s Kunst.<\/p>\n\n\n\n<p><strong>Florin Stanzer &amp; Forrest Moody<\/strong> haben eine sogenannte Parkettorgel gebaut und Holzger\u00fcst mit zwei Blasebalgen ausgestattet. Damit erzeugen sie Monotonie in feinen Nuancen und erinnern so an fr\u00fche Arbeiten von Steve Reich und La Monte Young. Einen scharfen Kontrast dazu bildet der Auftritt der Aktivisten des Grazer Caf\u00e9 Wolf, einem zentralen Ort f\u00fcr avancierte Musik in kleinem Rahmen. Die aus Profis, Halbprofis und Amateuren bestehende <strong>Deaf Or Band<\/strong> \u00fcbt sich charmant bis holprig an relativ rockigen Sounds. Do it yourself!<\/p>\n\n\n\n<p>Reich an akustischen Gro\u00dftaten ist der Samstagabend, beginnend mit dem Duo von <strong>Gobi Drab &amp; Veronika Mayer<\/strong>. Elektronik, Stimme und Paetzold-Fl\u00f6te amalgamieren flirrende, schwebende und dunkle Sounds, denen man stundenlang lauschen m\u00f6chte. An dieser Stelle muss die grenzgeniale Tontechnik von <strong>Oliver Brunbauer<\/strong> aka ollmann hervorgehoben werden, der aus allen tonalen Bestandteilen das Maximum herausholt. Das gilt gleicherma\u00dfen f\u00fcr das routinierte <strong>Klammer\/Gr\u00fcndler Duo<\/strong>. Schlagzeug und E-Gitarre, beides Computer-unterst\u00fctzt und mit behutsamem Einsatz einer KI, formieren Klangwelten, die in ihrer Abstraktion dem Geh\u00f6r Fl\u00fcgel einbauen. So entsteht eine ganze Flotte an Assoziationen. Am Ende ihres Sets gesellen sich noch die Vokalistin Bettina Wenzel und der Trompeter und Pupik-Hotelier Heimo Wallner dazu.<\/p>\n\n\n\n<p>Ein paar Takte intensiven Singer\/Songwritings gehen aufs Konto von <strong>The Zew<\/strong>, bevor <strong>Sataraxz<\/strong> aus Zagreb die finale Rakete z\u00fcnden. Eva Badanjak, Ivona Ivkovi\u0107, Tajana Josimovi\u0107 und Tanja Minarik, teilweise bekannt von der Superband \u017den, verkn\u00fcpfen die dreimalige Elektronik mit einmaligen Vocals und avancierten Visuals. Viele Drones und Beats unterwandern das Konzert, bevor sich die Erz\u00e4hl- zur alles \u00fcberragenden Gesangsstimme aufschwingt. Da geht das Herz gleichzeitig mit der G\u00e4nsehaut auf. Ein sp\u00e4ter, umwerfender H\u00f6hepunkt der polyartistischen Hotel-Pupik-Angelegenheit.<\/p>\n\n\n\n<p>Schlussendlich geht am Sonntagmittag das tradionelle Orgelkonzert in der Murauer Kapuzinerkirche \u00fcber die sakrale B\u00fchne. Wieder dominieren tiefe Drones im Konzert der Serbin Marina <strong>D\u017eukliev<\/strong>, wozu ihr Arnold <strong>noid<\/strong> Haberl vis-\u00e0-vis am Cello klug assistiert. Der Titel des Konzerts, <strong>Flowers We Are<\/strong>, kann sinnbildlich f\u00fcr das gesamte kleine, feine Festival gelten. Alles bl\u00fcht, und es bl\u00fcht hoffentlich noch lange, weil es diesen welken, verfaulten gegenw\u00e4rtigen Zust\u00e4nden vorbildlich entgegenwirkt. So geht Sozialismus!<\/p>\n\n\n\n\n\n<figure class=\"wp-block-image size-large\"><img decoding=\"async\" width=\"1024\" height=\"768\" src=\"https:\/\/freistil.klingt.org\/blog\/wp-content\/uploads\/2025\/08\/pupik_kg-beate-1024x768.jpg\" alt=\"\" class=\"wp-image-14665\" srcset=\"https:\/\/freistil.klingt.org\/blog\/wp-content\/uploads\/2025\/08\/pupik_kg-beate-1024x768.jpg 1024w, https:\/\/freistil.klingt.org\/blog\/wp-content\/uploads\/2025\/08\/pupik_kg-beate-300x225.jpg 300w, https:\/\/freistil.klingt.org\/blog\/wp-content\/uploads\/2025\/08\/pupik_kg-beate-768x576.jpg 768w, https:\/\/freistil.klingt.org\/blog\/wp-content\/uploads\/2025\/08\/pupik_kg-beate.jpg 1280w\" sizes=\"(max-width: 1024px) 100vw, 1024px\" \/><figcaption class=\"wp-element-caption\">Klammer\/Gr\u00fcndler Duo. Foto: Beate Wallner<\/figcaption><\/figure>\n\n\n\n\n\n<p><\/p>\n","protected":false},"excerpt":{"rendered":"<p>Hotel Pupik, Scheifling\/Murau, 8. bis 10. August Auch die br\u00fctende Hitze kann dem solit\u00e4ren soziokulturellen Treiben in der Schwarzenberg&#8217;schen Meierei bzw. im Hotel Pupik nichts anhaben. Der Mix aus bildender Kunst und Musik in anregendem und angeregtem Ambiente macht die Veranstaltung in der hintersten Obersteiermark zum so niederschwelligen wie lustbetonten Ereignis. Zum wiederholten Mal fehlen [&hellip;]<\/p>\n","protected":false},"author":2,"featured_media":14664,"comment_status":"closed","ping_status":"closed","sticky":false,"template":"","format":"standard","meta":{"_acf_changed":false,"footnotes":""},"categories":[3],"tags":[],"class_list":["post-14662","post","type-post","status-publish","format-standard","has-post-thumbnail","hentry","category-konzerte"],"acf":[],"_links":{"self":[{"href":"https:\/\/freistil.klingt.org\/blog\/wp-json\/wp\/v2\/posts\/14662","targetHints":{"allow":["GET"]}}],"collection":[{"href":"https:\/\/freistil.klingt.org\/blog\/wp-json\/wp\/v2\/posts"}],"about":[{"href":"https:\/\/freistil.klingt.org\/blog\/wp-json\/wp\/v2\/types\/post"}],"author":[{"embeddable":true,"href":"https:\/\/freistil.klingt.org\/blog\/wp-json\/wp\/v2\/users\/2"}],"replies":[{"embeddable":true,"href":"https:\/\/freistil.klingt.org\/blog\/wp-json\/wp\/v2\/comments?post=14662"}],"version-history":[{"count":14,"href":"https:\/\/freistil.klingt.org\/blog\/wp-json\/wp\/v2\/posts\/14662\/revisions"}],"predecessor-version":[{"id":14688,"href":"https:\/\/freistil.klingt.org\/blog\/wp-json\/wp\/v2\/posts\/14662\/revisions\/14688"}],"wp:featuredmedia":[{"embeddable":true,"href":"https:\/\/freistil.klingt.org\/blog\/wp-json\/wp\/v2\/media\/14664"}],"wp:attachment":[{"href":"https:\/\/freistil.klingt.org\/blog\/wp-json\/wp\/v2\/media?parent=14662"}],"wp:term":[{"taxonomy":"category","embeddable":true,"href":"https:\/\/freistil.klingt.org\/blog\/wp-json\/wp\/v2\/categories?post=14662"},{"taxonomy":"post_tag","embeddable":true,"href":"https:\/\/freistil.klingt.org\/blog\/wp-json\/wp\/v2\/tags?post=14662"}],"curies":[{"name":"wp","href":"https:\/\/api.w.org\/{rel}","templated":true}]}}