{"id":14730,"date":"2025-08-22T16:58:07","date_gmt":"2025-08-22T14:58:07","guid":{"rendered":"https:\/\/freistil.klingt.org\/blog\/?p=14730"},"modified":"2026-01-22T13:02:01","modified_gmt":"2026-01-22T11:02:01","slug":"14730-2","status":"publish","type":"post","link":"https:\/\/freistil.klingt.org\/blog\/14730-2\/","title":{"rendered":"il y a les ombres"},"content":{"rendered":"\n<h2 class=\"wp-block-heading alignwide\" id=\"we-re-a-studio-in-berlin-with-an-international-practice-in-architecture-urban-planning-and-interior-design-we-believe-in-sharing-knowledge-and-promoting-dialogue-to-increase-the-creative-potential-of-collaboration\" style=\"font-size:20px;line-height:1.1\"><span style=\"color: #9a3625;\"><strong>LAURENT PERNICE<\/strong><\/span><\/h2>\n\n\n\n<h6 class=\"wp-block-heading\"><em>il y a les ombres<\/em><\/h6>\n\n\n\n<p>Le Label Beige<\/p>\n\n\n\n<figure class=\"wp-block-image size-large is-resized\"><img fetchpriority=\"high\" decoding=\"async\" width=\"1024\" height=\"927\" src=\"https:\/\/freistil.klingt.org\/blog\/wp-content\/uploads\/2025\/07\/cover_cd_pernice-1-1024x927.jpg\" alt=\"\" class=\"wp-image-14736\" style=\"width:200px\" srcset=\"https:\/\/freistil.klingt.org\/blog\/wp-content\/uploads\/2025\/07\/cover_cd_pernice-1-1024x927.jpg 1024w, https:\/\/freistil.klingt.org\/blog\/wp-content\/uploads\/2025\/07\/cover_cd_pernice-1-300x272.jpg 300w, https:\/\/freistil.klingt.org\/blog\/wp-content\/uploads\/2025\/07\/cover_cd_pernice-1-768x695.jpg 768w, https:\/\/freistil.klingt.org\/blog\/wp-content\/uploads\/2025\/07\/cover_cd_pernice-1.jpg 1200w\" sizes=\"(max-width: 1024px) 100vw, 1024px\" \/><\/figure>\n\n\n\n<p class=\"has-text-align-right\"><\/p>\n\n\n\n<p>Ambient\/Electronik mit gelegentlichen field recordings \u2013 z. B. Vogelgezwitscher im Opener <em>Dans la for\u00eat<\/em> und Kinderstimmen im Schlusstrack <em>Lumi\u00e8res paradoxales<\/em><br>\u2013 sowie eingestreute Industrial-Elemente, etwa in <em>Comme une \u00e9trange parenth\u00e8se<\/em>, wo offenbar metallische Gegenst\u00e4nde angeschlagen werden, bringt Laurent Pernice auf<br><em>Il y a les ombres<\/em> zu Geh\u00f6r. Mit einer ganzen Reihe von K\u00fcnstler:innen arbeitete Pernice darauf: mit alten Weggef\u00e4hrten wie Alain Damasio und Jacques Barb\u00e9ri, mit Christophe Pechanatz und Leuten aus j\u00fcngeren Generationen, wie Laura Guarrato (S\u00e4ngerin bei der wiederauferstandenen Progrock-Legende Magma), Elektronikerin Judith Juillerat, Black Safichi (Spoken-Word-Artist, DJ, Multimedia-K\u00fcnstler), H\u00e9lo\u00efse Br\u00e9zillon u.a. Die Letztgenannte, ein junge Autorin, verfasste auch den titelgebenden Text, auf dem gleichnamigen Track ist sie auch zu h\u00f6ren. Instrumentals und Spoken Word (englisch, franz\u00f6sisch) machen den \u00fcberwiegenden Teil der Nummern aus, langsame bis mittlere Tempi dominieren, das Album bewegt sich zwischen Song und Soundscape. <em>La Nuit venue<\/em> mit unartikulierten vokalen \u00c4u\u00dferungen und wuchtigen Drums tangiert das Genre Rock. Sirenengeheul und schepperndes Schlagzeug untermauern den klassenk\u00e4mpferischen Rant <em>Once A Week<\/em>, den Black Safichi der H\u00f6rer:innenschaft entgegenschmettert. W\u00e4hrend <em>Circumstances of Happiness<\/em> sehr leicht, fein, mit hellen T\u00f6nen daherkommt. Die im Albumtitel angesprochenen Schatten, das Dunkle, treten in vielf\u00e4ltiger (klanglicher und textlicher) Form in Erscheinung.<\/p>\n\n\n\n<p class=\"has-text-align-right\"><em>jele<\/em><\/p>\n\n\n\n<p><\/p>\n\n\n\n<p class=\"has-text-align-right\"><\/p>\n\n\n\n<p><\/p>\n\n\n\n<div class=\"wp-block-buttons is-layout-flex wp-block-buttons-is-layout-flex\"><\/div>\n","protected":false},"excerpt":{"rendered":"<p>LAURENT PERNICE il y a les ombres Le Label Beige Ambient\/Electronik mit gelegentlichen field recordings \u2013 z. B. Vogelgezwitscher im Opener Dans la for\u00eat und Kinderstimmen im Schlusstrack Lumi\u00e8res paradoxales\u2013 sowie eingestreute Industrial-Elemente, etwa in Comme une \u00e9trange parenth\u00e8se, wo offenbar metallische Gegenst\u00e4nde angeschlagen werden, bringt Laurent Pernice aufIl y a les ombres zu Geh\u00f6r. [&hellip;]<\/p>\n","protected":false},"author":12,"featured_media":14718,"comment_status":"closed","ping_status":"closed","sticky":false,"template":"","format":"standard","meta":{"_acf_changed":false,"footnotes":""},"categories":[7],"tags":[],"class_list":["post-14730","post","type-post","status-publish","format-standard","has-post-thumbnail","hentry","category-platten"],"acf":[],"_links":{"self":[{"href":"https:\/\/freistil.klingt.org\/blog\/wp-json\/wp\/v2\/posts\/14730","targetHints":{"allow":["GET"]}}],"collection":[{"href":"https:\/\/freistil.klingt.org\/blog\/wp-json\/wp\/v2\/posts"}],"about":[{"href":"https:\/\/freistil.klingt.org\/blog\/wp-json\/wp\/v2\/types\/post"}],"author":[{"embeddable":true,"href":"https:\/\/freistil.klingt.org\/blog\/wp-json\/wp\/v2\/users\/12"}],"replies":[{"embeddable":true,"href":"https:\/\/freistil.klingt.org\/blog\/wp-json\/wp\/v2\/comments?post=14730"}],"version-history":[{"count":10,"href":"https:\/\/freistil.klingt.org\/blog\/wp-json\/wp\/v2\/posts\/14730\/revisions"}],"predecessor-version":[{"id":15350,"href":"https:\/\/freistil.klingt.org\/blog\/wp-json\/wp\/v2\/posts\/14730\/revisions\/15350"}],"wp:featuredmedia":[{"embeddable":true,"href":"https:\/\/freistil.klingt.org\/blog\/wp-json\/wp\/v2\/media\/14718"}],"wp:attachment":[{"href":"https:\/\/freistil.klingt.org\/blog\/wp-json\/wp\/v2\/media?parent=14730"}],"wp:term":[{"taxonomy":"category","embeddable":true,"href":"https:\/\/freistil.klingt.org\/blog\/wp-json\/wp\/v2\/categories?post=14730"},{"taxonomy":"post_tag","embeddable":true,"href":"https:\/\/freistil.klingt.org\/blog\/wp-json\/wp\/v2\/tags?post=14730"}],"curies":[{"name":"wp","href":"https:\/\/api.w.org\/{rel}","templated":true}]}}