{"id":14843,"date":"2025-09-01T17:51:26","date_gmt":"2025-09-01T15:51:26","guid":{"rendered":"https:\/\/freistil.klingt.org\/blog\/?p=14843"},"modified":"2025-09-01T17:54:08","modified_gmt":"2025-09-01T15:54:08","slug":"the-stories-we-tell","status":"publish","type":"post","link":"https:\/\/freistil.klingt.org\/blog\/the-stories-we-tell\/","title":{"rendered":"The stories we tell"},"content":{"rendered":"\n<h2 class=\"wp-block-heading alignwide\" id=\"we-re-a-studio-in-berlin-with-an-international-practice-in-architecture-urban-planning-and-interior-design-we-believe-in-sharing-knowledge-and-promoting-dialogue-to-increase-the-creative-potential-of-collaboration\" style=\"font-size:20px;line-height:1.1\"><span style=\"color: #9a3625;\">LUISE VOLKMANN &amp; \u00c9T\u00c9 LARGE<\/span><\/h2>\n\n\n\n<p><em>the stories we tell<\/em><br>Boomslang \/ Deutschlandfunk<br><strong>Luise Volkmann<\/strong> (as), Casey Moor, <strong>Laurin Oppermann<\/strong> (voc), <strong>Peter Ehwald<\/strong> (ts), <strong>R\u00e9mi Fox<\/strong> (bars), <strong>Johannes B\u00f6hmer<\/strong> (tp), <strong>Marleen Dahms<\/strong> (tb), <strong>Johanna Stein<\/strong> (c), <strong>Athina Koutou<\/strong> (b), <strong>Yannick Lestra<\/strong> (keyb, e), <strong>Paul Jarret<\/strong> (g), <strong>Max Santner<\/strong> (dr)<\/p>\n\n\n\n<figure class=\"wp-block-image size-full is-resized\"><img fetchpriority=\"high\" decoding=\"async\" width=\"300\" height=\"300\" src=\"https:\/\/freistil.klingt.org\/blog\/wp-content\/uploads\/2025\/09\/cover_cd_volkmann.jpg\" alt=\"\" class=\"wp-image-14845\" style=\"width:214px;height:auto\" srcset=\"https:\/\/freistil.klingt.org\/blog\/wp-content\/uploads\/2025\/09\/cover_cd_volkmann.jpg 300w, https:\/\/freistil.klingt.org\/blog\/wp-content\/uploads\/2025\/09\/cover_cd_volkmann-150x150.jpg 150w, https:\/\/freistil.klingt.org\/blog\/wp-content\/uploads\/2025\/09\/cover_cd_volkmann-64x64.jpg 64w\" sizes=\"(max-width: 300px) 100vw, 300px\" \/><\/figure>\n\n\n\n<p>Das Geschichtenerz\u00e4hlen steht, wie der Titel schon verr\u00e4t, im Zentrum dieser Aufnahme, nicht ein Bigband-Sound dieser 13-k\u00f6pfigen Band, weder ein traditioneller, noch ein experimenteller. Mit viel Melodik, viel Luft f\u00fcr die Vocals und viel Raum f\u00fcr die Instrumentalist:innen geht Luise Volkmann an das zehnte Bandjubil\u00e4um. &#8222;Es geht aber auch darum, dass Musik die F\u00e4higkeit hat, in der Art und Weise, wie sie erz\u00e4hlt, auch Ambiguit\u00e4ten abzubilden&#8220;, erz\u00e4hlte Volkmann im freiStil-Interview. &#8222;Das ist das Spannende an Geschichten und Mythen, dass nicht alles so polarisierend eindeutig ist, sondern dass die Widerspr\u00fcche und die Vielschichtigkeit der Welt nebeneinander stehen. Ich glaube, es ist mir auch ein super wichtiges gesellschaftliches Anliegen, auf eine Art und Weise diese F\u00e4higkeit zu umarmen, die Musik hat.&#8220; Und hier wird vieles umarmt. Dementsprechend lautet der letzte der zehn Songs <em>Wunsch<\/em>, der vorletzte, quasi als Antithese, <em>Oper der Trampelpfade<\/em> und der drittletzte, etwas kokett, <em>I am not a poet<\/em>.<\/p>\n\n\n\n<p class=\"has-text-align-right\"><em>felix<\/em><\/p>\n\n\n\n<p><\/p>\n","protected":false},"excerpt":{"rendered":"<p>LUISE VOLKMANN &amp; \u00c9T\u00c9 LARGE the stories we tellBoomslang \/ DeutschlandfunkLuise Volkmann (as), Casey Moor, Laurin Oppermann (voc), Peter Ehwald (ts), R\u00e9mi Fox (bars), Johannes B\u00f6hmer (tp), Marleen Dahms (tb), Johanna Stein (c), Athina Koutou (b), Yannick Lestra (keyb, e), Paul Jarret (g), Max Santner (dr) Das Geschichtenerz\u00e4hlen steht, wie der Titel schon verr\u00e4t, im [&hellip;]<\/p>\n","protected":false},"author":2,"featured_media":14845,"comment_status":"closed","ping_status":"closed","sticky":false,"template":"","format":"standard","meta":{"_acf_changed":false,"footnotes":""},"categories":[7],"tags":[],"class_list":["post-14843","post","type-post","status-publish","format-standard","has-post-thumbnail","hentry","category-platten"],"acf":[],"_links":{"self":[{"href":"https:\/\/freistil.klingt.org\/blog\/wp-json\/wp\/v2\/posts\/14843","targetHints":{"allow":["GET"]}}],"collection":[{"href":"https:\/\/freistil.klingt.org\/blog\/wp-json\/wp\/v2\/posts"}],"about":[{"href":"https:\/\/freistil.klingt.org\/blog\/wp-json\/wp\/v2\/types\/post"}],"author":[{"embeddable":true,"href":"https:\/\/freistil.klingt.org\/blog\/wp-json\/wp\/v2\/users\/2"}],"replies":[{"embeddable":true,"href":"https:\/\/freistil.klingt.org\/blog\/wp-json\/wp\/v2\/comments?post=14843"}],"version-history":[{"count":4,"href":"https:\/\/freistil.klingt.org\/blog\/wp-json\/wp\/v2\/posts\/14843\/revisions"}],"predecessor-version":[{"id":14848,"href":"https:\/\/freistil.klingt.org\/blog\/wp-json\/wp\/v2\/posts\/14843\/revisions\/14848"}],"wp:featuredmedia":[{"embeddable":true,"href":"https:\/\/freistil.klingt.org\/blog\/wp-json\/wp\/v2\/media\/14845"}],"wp:attachment":[{"href":"https:\/\/freistil.klingt.org\/blog\/wp-json\/wp\/v2\/media?parent=14843"}],"wp:term":[{"taxonomy":"category","embeddable":true,"href":"https:\/\/freistil.klingt.org\/blog\/wp-json\/wp\/v2\/categories?post=14843"},{"taxonomy":"post_tag","embeddable":true,"href":"https:\/\/freistil.klingt.org\/blog\/wp-json\/wp\/v2\/tags?post=14843"}],"curies":[{"name":"wp","href":"https:\/\/api.w.org\/{rel}","templated":true}]}}