{"id":14849,"date":"2025-09-01T20:53:36","date_gmt":"2025-09-01T18:53:36","guid":{"rendered":"https:\/\/freistil.klingt.org\/blog\/?p=14849"},"modified":"2025-09-01T20:53:36","modified_gmt":"2025-09-01T18:53:36","slug":"wie-im-flug","status":"publish","type":"post","link":"https:\/\/freistil.klingt.org\/blog\/wie-im-flug\/","title":{"rendered":"Wie im Flug"},"content":{"rendered":"\n<h5 class=\"wp-block-heading\">Where Swallows Fly Backwards, W\u00f6rth bei Gnas, 16. August<\/h5>\n\n\n\n<figure class=\"wp-block-image size-large\"><img fetchpriority=\"high\" decoding=\"async\" width=\"1024\" height=\"683\" src=\"https:\/\/freistil.klingt.org\/blog\/wp-content\/uploads\/2025\/09\/swallows_1-1024x683.jpg\" alt=\"\" class=\"wp-image-14850\" srcset=\"https:\/\/freistil.klingt.org\/blog\/wp-content\/uploads\/2025\/09\/swallows_1-1024x683.jpg 1024w, https:\/\/freistil.klingt.org\/blog\/wp-content\/uploads\/2025\/09\/swallows_1-300x200.jpg 300w, https:\/\/freistil.klingt.org\/blog\/wp-content\/uploads\/2025\/09\/swallows_1-768x512.jpg 768w, https:\/\/freistil.klingt.org\/blog\/wp-content\/uploads\/2025\/09\/swallows_1-64x43.jpg 64w, https:\/\/freistil.klingt.org\/blog\/wp-content\/uploads\/2025\/09\/swallows_1-540x360.jpg 540w, https:\/\/freistil.klingt.org\/blog\/wp-content\/uploads\/2025\/09\/swallows_1.jpg 1181w\" sizes=\"(max-width: 1024px) 100vw, 1024px\" \/><figcaption class=\"wp-element-caption\">Innode. Foto: Stefanie Poglitsch<\/figcaption><\/figure>\n\n\n\n<p>Die S\u00fcdoststeiermark im Allgemeinen und das eint\u00e4gige Festival Where Swallows Fly Backwards im Besonderen sind immer eine Reise wert, vor allem Mitte August. Dann l\u00e4dt Klaus Wohlgemuth samt musikalischer und ungemein freundlicher Familie auf den extrem kultivierten ehemaligen Bauernhof nach W\u00f6rth bei Gnas. In entspannter kollektiver Atmosph\u00e4re bei individueller Ma\u00dfgabe der Bezahlung von Eintritt und Efrischungsgetr\u00e4nken haben sich die Schwalben l\u00e4ngst ins Herz und ins Hirn graviert.<\/p>\n\n\n\n<p>Vier Konzerte gehen im ehemaligen Stadel \u00fcber die B\u00fchne, davor, dazwischen und danach macht es sich das Publikum auf der angrenzenden Wiese gem\u00fctlich. F\u00fcr den idealen Auftakt sorgen die local heroes der <strong>Fragments of an Empire<\/strong> mit Stil-offenen Postrockankl\u00e4ngen. Konzentriert und leger zugleich funktioniert das gemischt instrumentierte Werkl wie aus einem Guss, geh\u00f6rige Anschwellungen inklusive.<\/p>\n\n\n\n<p>Was darauf folgt, konnte man sich in der Theorie kaum vorstellen. Die Praxis belehrt uns eines Besseren, wenn die famose Schriftstellerin <strong>Natascha Gangl<\/strong>, zweifache Preistr\u00e4gerin beim Klagenfurter Bachmann-Literaturwettbewerb, auf die ebenso famose Schlagwerkerin <strong>Judith Schwarz<\/strong> trifft. Diese Performance brilliert auf nahezu organische Weise, wenn Gangl eine poetische Fantasie \u00fcber den Staub, das Putzen am Samstag, das Patriarchat und einige thematische Nebenarme zum Besten gibt und Schwarz f\u00fcr jede Passage das passende Ausdrucksmittel findet. Ein haarstr\u00e4ubend sch\u00f6ner Auftritt, der sowohl f\u00fcr gesteigerte Aufmerksamkeit als auch f\u00fcr Zwischenapplaus und Lachsalven sorgt.<\/p>\n\n\n\n<p>Etwas hinter den Erwartungen bleibt <strong>Flysch<\/strong>, die Band von Gottfried Krienzer, Michi Eisl, Martin Pfeiffer samt S\u00e4ngerin Catrin Manoli. Langsam, langwierig und in Summe wenig ergiebig gestaltet sich das Konzert des Grazer Quartetts. Daf\u00fcr wird man im finalen Auftritt von <strong>Innode<\/strong> zu (mindestens) hundert Prozent entsch\u00e4digt. Stefan N\u00e9meth l\u00e4sst seine Elektronik auf H\u00f6chsttemperatur brutzeln, und Bernhard Breuer gilt sowieso seit Jahren als der pr\u00e4ziseste unter den dynamischen, polyrhthmisch veranlagten Drummern. Gemeinsam \u00f6ffnet das Duo Zug\u00e4nge zu einer Vielzahl an akustischen und assoziativen R\u00e4umen, h\u00e4lt auch in ruhigeren, schwebenderen Momenten die Spannung und scheint in den rauheren, h\u00e4rteren, losgel\u00f6sten Phasen zu implodieren. Kurz gesagt: ein Konzert des Jahres!<\/p>\n\n\n\n<p>Wie im Flug segeln die musikalischen Schwalben vor\u00fcber. Das ist aber in W\u00f6rth nie und nimmer das Signal zur sofortigen Heimfahrt. Die Gem\u00fctlichkeit und die Gastfreundlichkeit sind einfach zu verlockend zum m\u00f6glichst langen Verbleib. Das n\u00e4chstj\u00e4hrige Comeback ist schon jetzt im Kalender rot markiert.<\/p>\n\n\n\n<figure class=\"wp-block-image size-large\"><img decoding=\"async\" width=\"1024\" height=\"683\" src=\"https:\/\/freistil.klingt.org\/blog\/wp-content\/uploads\/2025\/09\/swallows_2-1024x683.jpg\" alt=\"\" class=\"wp-image-14852\" srcset=\"https:\/\/freistil.klingt.org\/blog\/wp-content\/uploads\/2025\/09\/swallows_2-1024x683.jpg 1024w, https:\/\/freistil.klingt.org\/blog\/wp-content\/uploads\/2025\/09\/swallows_2-300x200.jpg 300w, https:\/\/freistil.klingt.org\/blog\/wp-content\/uploads\/2025\/09\/swallows_2-768x512.jpg 768w, https:\/\/freistil.klingt.org\/blog\/wp-content\/uploads\/2025\/09\/swallows_2-64x43.jpg 64w, https:\/\/freistil.klingt.org\/blog\/wp-content\/uploads\/2025\/09\/swallows_2-540x360.jpg 540w, https:\/\/freistil.klingt.org\/blog\/wp-content\/uploads\/2025\/09\/swallows_2.jpg 1181w\" sizes=\"(max-width: 1024px) 100vw, 1024px\" \/><figcaption class=\"wp-element-caption\">Foto: Stefanie Poglitsch<\/figcaption><\/figure>\n","protected":false},"excerpt":{"rendered":"<p>Where Swallows Fly Backwards, W\u00f6rth bei Gnas, 16. August Die S\u00fcdoststeiermark im Allgemeinen und das eint\u00e4gige Festival Where Swallows Fly Backwards im Besonderen sind immer eine Reise wert, vor allem Mitte August. Dann l\u00e4dt Klaus Wohlgemuth samt musikalischer und ungemein freundlicher Familie auf den extrem kultivierten ehemaligen Bauernhof nach W\u00f6rth bei Gnas. In entspannter kollektiver [&hellip;]<\/p>\n","protected":false},"author":2,"featured_media":14850,"comment_status":"closed","ping_status":"closed","sticky":false,"template":"","format":"standard","meta":{"_acf_changed":false,"footnotes":""},"categories":[3],"tags":[],"class_list":["post-14849","post","type-post","status-publish","format-standard","has-post-thumbnail","hentry","category-konzerte"],"acf":[],"_links":{"self":[{"href":"https:\/\/freistil.klingt.org\/blog\/wp-json\/wp\/v2\/posts\/14849","targetHints":{"allow":["GET"]}}],"collection":[{"href":"https:\/\/freistil.klingt.org\/blog\/wp-json\/wp\/v2\/posts"}],"about":[{"href":"https:\/\/freistil.klingt.org\/blog\/wp-json\/wp\/v2\/types\/post"}],"author":[{"embeddable":true,"href":"https:\/\/freistil.klingt.org\/blog\/wp-json\/wp\/v2\/users\/2"}],"replies":[{"embeddable":true,"href":"https:\/\/freistil.klingt.org\/blog\/wp-json\/wp\/v2\/comments?post=14849"}],"version-history":[{"count":5,"href":"https:\/\/freistil.klingt.org\/blog\/wp-json\/wp\/v2\/posts\/14849\/revisions"}],"predecessor-version":[{"id":14856,"href":"https:\/\/freistil.klingt.org\/blog\/wp-json\/wp\/v2\/posts\/14849\/revisions\/14856"}],"wp:featuredmedia":[{"embeddable":true,"href":"https:\/\/freistil.klingt.org\/blog\/wp-json\/wp\/v2\/media\/14850"}],"wp:attachment":[{"href":"https:\/\/freistil.klingt.org\/blog\/wp-json\/wp\/v2\/media?parent=14849"}],"wp:term":[{"taxonomy":"category","embeddable":true,"href":"https:\/\/freistil.klingt.org\/blog\/wp-json\/wp\/v2\/categories?post=14849"},{"taxonomy":"post_tag","embeddable":true,"href":"https:\/\/freistil.klingt.org\/blog\/wp-json\/wp\/v2\/tags?post=14849"}],"curies":[{"name":"wp","href":"https:\/\/api.w.org\/{rel}","templated":true}]}}