{"id":14857,"date":"2025-09-02T14:36:55","date_gmt":"2025-09-02T12:36:55","guid":{"rendered":"https:\/\/freistil.klingt.org\/blog\/?p=14857"},"modified":"2025-09-28T08:59:26","modified_gmt":"2025-09-28T06:59:26","slug":"30-august","status":"publish","type":"post","link":"https:\/\/freistil.klingt.org\/blog\/30-august\/","title":{"rendered":"30. August"},"content":{"rendered":"\n<p><\/p>\n\n\n\n<h3 class=\"wp-block-heading\">Mulm, Kaorle Wien<\/h3>\n\n\n\n<figure class=\"wp-block-image size-large\"><img fetchpriority=\"high\" decoding=\"async\" width=\"1024\" height=\"568\" src=\"https:\/\/freistil.klingt.org\/blog\/wp-content\/uploads\/2025\/09\/mulm_121-1024x568.jpg\" alt=\"\" class=\"wp-image-14858\" srcset=\"https:\/\/freistil.klingt.org\/blog\/wp-content\/uploads\/2025\/09\/mulm_121-1024x568.jpg 1024w, https:\/\/freistil.klingt.org\/blog\/wp-content\/uploads\/2025\/09\/mulm_121-300x166.jpg 300w, https:\/\/freistil.klingt.org\/blog\/wp-content\/uploads\/2025\/09\/mulm_121-768x426.jpg 768w, https:\/\/freistil.klingt.org\/blog\/wp-content\/uploads\/2025\/09\/mulm_121-1536x852.jpg 1536w, https:\/\/freistil.klingt.org\/blog\/wp-content\/uploads\/2025\/09\/mulm_121-2048x1137.jpg 2048w\" sizes=\"(max-width: 1024px) 100vw, 1024px\" \/><figcaption class=\"wp-element-caption\">Foto: Johannes Oberhuber<\/figcaption><\/figure>\n\n\n\n<p>Das Team des vorbildlichen, nach einem Jahr Pause 2026 wieder pr\u00e4senten Klangfestivals Gallneukirchen hat sich f\u00fcr diesen Abend beim autonom betriebenen Kollektiv Kaorle einquartiert. Die gerade noch in Ottakring, demn\u00e4chst, wie schon einige andere Initiativen auch, in einem Pavillon auf den Steinhofgr\u00fcnden der Baumgartner H\u00f6he befindliche Spielst\u00e4tte weist eine gewisse \u00c4hnlichkeit zum leider nicht mehr existenten Kulturzentrum Steinergasse 8 auf. An diesem etwas verregneten Sp\u00e4tsommerabend finden alternierend Konzerte auf der Hauptb\u00fchne und Lesungen im angrenzenden Atelierraum statt. Flankiert von einem betont kinderfreundlichen Auftritt der Pyrite und dem jugendlichen Duo enns konzertiert erstmals in Wien das Trio Mulm von Sara Zlanabitnig (Fl\u00f6ten, Elektronik), Richard Herbst (Synthesizer, Elektronik) und Stephan Roiss (Stimme, Texte). Das Teambuilding davor m\u00fcndet in ein f\u00fcr den Rezensenten \u00fcberraschend organisch funktionierendes Terzett, in dem \u00fcberwiegend die dunklen Sph\u00e4ren dominieren. Alles flie\u00dft in diesem gemischten Dreigestirn wie aus einem Guss. Trotz oder wegen der immer wieder unvorhersehbaren textlichen und tonalen Hakenschl\u00e4ge. Hart und herzlich, frei schwebend und sehr gro\u00dfartig!<\/p>\n\n\n\n<p class=\"has-text-align-right\"><em>felix<\/em><\/p>\n\n\n\n<p><\/p>\n\n\n\n<p><\/p>\n","protected":false},"excerpt":{"rendered":"<p>Mulm, Kaorle Wien Das Team des vorbildlichen, nach einem Jahr Pause 2026 wieder pr\u00e4senten Klangfestivals Gallneukirchen hat sich f\u00fcr diesen Abend beim autonom betriebenen Kollektiv Kaorle einquartiert. Die gerade noch in Ottakring, demn\u00e4chst, wie schon einige andere Initiativen auch, in einem Pavillon auf den Steinhofgr\u00fcnden der Baumgartner H\u00f6he befindliche Spielst\u00e4tte weist eine gewisse \u00c4hnlichkeit zum [&hellip;]<\/p>\n","protected":false},"author":2,"featured_media":14864,"comment_status":"closed","ping_status":"closed","sticky":false,"template":"","format":"standard","meta":{"_acf_changed":false,"footnotes":""},"categories":[3,71],"tags":[],"class_list":["post-14857","post","type-post","status-publish","format-standard","has-post-thumbnail","hentry","category-konzerte","category-tagebuch"],"acf":[],"_links":{"self":[{"href":"https:\/\/freistil.klingt.org\/blog\/wp-json\/wp\/v2\/posts\/14857","targetHints":{"allow":["GET"]}}],"collection":[{"href":"https:\/\/freistil.klingt.org\/blog\/wp-json\/wp\/v2\/posts"}],"about":[{"href":"https:\/\/freistil.klingt.org\/blog\/wp-json\/wp\/v2\/types\/post"}],"author":[{"embeddable":true,"href":"https:\/\/freistil.klingt.org\/blog\/wp-json\/wp\/v2\/users\/2"}],"replies":[{"embeddable":true,"href":"https:\/\/freistil.klingt.org\/blog\/wp-json\/wp\/v2\/comments?post=14857"}],"version-history":[{"count":10,"href":"https:\/\/freistil.klingt.org\/blog\/wp-json\/wp\/v2\/posts\/14857\/revisions"}],"predecessor-version":[{"id":14972,"href":"https:\/\/freistil.klingt.org\/blog\/wp-json\/wp\/v2\/posts\/14857\/revisions\/14972"}],"wp:featuredmedia":[{"embeddable":true,"href":"https:\/\/freistil.klingt.org\/blog\/wp-json\/wp\/v2\/media\/14864"}],"wp:attachment":[{"href":"https:\/\/freistil.klingt.org\/blog\/wp-json\/wp\/v2\/media?parent=14857"}],"wp:term":[{"taxonomy":"category","embeddable":true,"href":"https:\/\/freistil.klingt.org\/blog\/wp-json\/wp\/v2\/categories?post=14857"},{"taxonomy":"post_tag","embeddable":true,"href":"https:\/\/freistil.klingt.org\/blog\/wp-json\/wp\/v2\/tags?post=14857"}],"curies":[{"name":"wp","href":"https:\/\/api.w.org\/{rel}","templated":true}]}}