{"id":14929,"date":"2025-09-18T21:34:06","date_gmt":"2025-09-18T19:34:06","guid":{"rendered":"https:\/\/freistil.klingt.org\/blog\/?p=14929"},"modified":"2025-09-18T21:34:07","modified_gmt":"2025-09-18T19:34:07","slug":"man-leert-nie-aus","status":"publish","type":"post","link":"https:\/\/freistil.klingt.org\/blog\/man-leert-nie-aus\/","title":{"rendered":"Man leert nie aus"},"content":{"rendered":"\n<h4 class=\"wp-block-heading\">Brda Contemporary Music Festival,                         Medana\/Slowenien, 11. bis 13. September<\/h4>\n\n\n\n<p>Das Friaul, st\u00e4ndig switchend zwischen dem italienischen und dem slowenischen Gebiet, lohnt die Anreise in so gut wie jeder Hinsicht: malerische Landschaft, gen\u00fcssliche Kulinarik in fester und fl\u00fcssiger Form. Wenn dann auch noch ein kleines, feines, famili\u00e4res Musikfestival dazukommt, wie jenes des routinierten Perkussionisten Zlatko Kau\u010di\u010d, gesellt sich zum restlichen auch noch der akustische Mehrwert.<\/p>\n\n\n\n<p>Im bezaubernden Ambiente des ehemaligen Kinosaals von Medana kuratiert Kau\u010di\u010d zum 15. Mal, umsichtig assistiert von einem ambitionierten Team junger Frauen und M\u00e4nner, das Brda Contemporary Music Festival. Dabei legt der primus inter pares einen Schwerpunkt aus nahegelegene Musiker (m), die er mit arrivierten Kolleg:innen variiert. Von den einheimischen Combos sticht das <strong>Frika Trio<\/strong> heraus, das mit Gitarre (Anton Lorezutti) und Bass (Jo\u0161t Dra\u0161ler), beides elektrifiziert, und Synthesizer-unterst\u00fctzten Drums (Marek Faku\u010d) schwebende Zust\u00e4nde herzustellen vermag, die weder an Pr\u00e4gnanz noch an Fantasie und Lust am Experiment W\u00fcnsche \u00fcbrig lassen.<\/p>\n\n\n\n<p>Am zweiten Abend des auf einem der vielen friulischen H\u00fcgel gelegenen Medana stehen ausw\u00e4rte Fixgr\u00f6\u00dfen im Mittelpunkt, n\u00e4mlich die wunderbare d\u00e4nische Saxofonistin <strong>Lotte Anker<\/strong>, einmal solo, einmal im Duo mit <strong>Michael Moore<\/strong>, dem seit vielen Jahren in Amsterdam ans\u00e4ssigen amerikanischen Saxofonisten und Klarinettisten. Vor allem im Zusammenspiel, aber auch im zeitweiligen Auseinanderdriften agieren die Koryph\u00e4en souver\u00e4n und sorgen nicht nur einmal f\u00fcr Verbl\u00fcffung. Und das Solo der Vokalistin <strong>Ute Wassermann<\/strong> spielt in jeder Phase alle St\u00fcckln der Virtuosit\u00e4t, ohne jemals an Soul einzub\u00fc\u00dfen.<\/p>\n\n\n\n<figure class=\"wp-block-image size-large is-resized\"><img fetchpriority=\"high\" decoding=\"async\" width=\"1024\" height=\"579\" src=\"https:\/\/freistil.klingt.org\/blog\/wp-content\/uploads\/2025\/09\/brda_122_maja2-3-1024x579.jpg\" alt=\"\" class=\"wp-image-14938\" style=\"width:1066px;height:auto\" srcset=\"https:\/\/freistil.klingt.org\/blog\/wp-content\/uploads\/2025\/09\/brda_122_maja2-3-1024x579.jpg 1024w, https:\/\/freistil.klingt.org\/blog\/wp-content\/uploads\/2025\/09\/brda_122_maja2-3-300x170.jpg 300w, https:\/\/freistil.klingt.org\/blog\/wp-content\/uploads\/2025\/09\/brda_122_maja2-3-768x435.jpg 768w, https:\/\/freistil.klingt.org\/blog\/wp-content\/uploads\/2025\/09\/brda_122_maja2-3.jpg 1200w\" sizes=\"(max-width: 1024px) 100vw, 1024px\" \/><figcaption class=\"wp-element-caption\">Maja Osojnik. Foto: Petra Cvelbar<\/figcaption><\/figure>\n\n\n\n<p>Den Schlusstag er\u00f6ffnet die geb\u00fcrtige, seit langem in Wien lebenden Slowenin <strong>Maja Osojnik<\/strong> mit einem nagelneuen Soloprogramm und erklimmt darin einen neuen Gipfel an zutiefst pers\u00f6nlichen Statements, die, ihrem Naturell entsprechend, immer auch politisch motiviert sind, und einer zwischen elektronischer H\u00e4rte, vokaler Brillanz, blitzschnellen Spr\u00fcngen und epischer, nahezu pastoraler Breite einen Bogen spannen, die ans Herz und an die Nieren gehen. Ein nicht nur f\u00fcr hiesige Verh\u00e4ltnisse herausragendes Erzeugnis einer herausragenden K\u00fcnstlerin. Najlep\u0161a hvala !<\/p>\n\n\n\n<p>Bevor zwei Workshop-Bands den letzten Abend beschlie\u00dfen, jene von Ute Wassermann und jene von Michael Moore, erstere auf Gesang spezialisiert, zweitere eine Bigband, die zwischen Moores Kompositionen und solchen von Duke Ellington changiert, tritt noch ein Supertrio in Aktion. Vorhersehbar leisten <strong>John Butcher<\/strong> (ts, ss), <strong>Agust\u00ed Fern\u00e1ndez<\/strong> (p) und Hausmeister <strong>Zlatko Kau\u010di\u010d<\/strong> (dr) Improjazz auf h\u00f6chster vorstellbarer Ebene. Ein Genuss f\u00fcr die Ohren, der s\u00e4mtliche andere dieser drei Tage komplettiert.<\/p>\n\n\n\n<p>Sowohl was die Festivalprogrammierung als auch die feinen Weine der Region betrifft, kann rekapituliert werden: Man leert nie aus.<\/p>\n\n\n\n<p><\/p>\n\n\n\n<p><\/p>\n","protected":false},"excerpt":{"rendered":"<p>Brda Contemporary Music Festival, Medana\/Slowenien, 11. bis 13. September Das Friaul, st\u00e4ndig switchend zwischen dem italienischen und dem slowenischen Gebiet, lohnt die Anreise in so gut wie jeder Hinsicht: malerische Landschaft, gen\u00fcssliche Kulinarik in fester und fl\u00fcssiger Form. Wenn dann auch noch ein kleines, feines, famili\u00e4res Musikfestival dazukommt, wie jenes des routinierten Perkussionisten Zlatko Kau\u010di\u010d, [&hellip;]<\/p>\n","protected":false},"author":2,"featured_media":14930,"comment_status":"closed","ping_status":"closed","sticky":false,"template":"","format":"standard","meta":{"_acf_changed":false,"footnotes":""},"categories":[3],"tags":[],"class_list":["post-14929","post","type-post","status-publish","format-standard","has-post-thumbnail","hentry","category-konzerte"],"acf":[],"_links":{"self":[{"href":"https:\/\/freistil.klingt.org\/blog\/wp-json\/wp\/v2\/posts\/14929","targetHints":{"allow":["GET"]}}],"collection":[{"href":"https:\/\/freistil.klingt.org\/blog\/wp-json\/wp\/v2\/posts"}],"about":[{"href":"https:\/\/freistil.klingt.org\/blog\/wp-json\/wp\/v2\/types\/post"}],"author":[{"embeddable":true,"href":"https:\/\/freistil.klingt.org\/blog\/wp-json\/wp\/v2\/users\/2"}],"replies":[{"embeddable":true,"href":"https:\/\/freistil.klingt.org\/blog\/wp-json\/wp\/v2\/comments?post=14929"}],"version-history":[{"count":14,"href":"https:\/\/freistil.klingt.org\/blog\/wp-json\/wp\/v2\/posts\/14929\/revisions"}],"predecessor-version":[{"id":14948,"href":"https:\/\/freistil.klingt.org\/blog\/wp-json\/wp\/v2\/posts\/14929\/revisions\/14948"}],"wp:featuredmedia":[{"embeddable":true,"href":"https:\/\/freistil.klingt.org\/blog\/wp-json\/wp\/v2\/media\/14930"}],"wp:attachment":[{"href":"https:\/\/freistil.klingt.org\/blog\/wp-json\/wp\/v2\/media?parent=14929"}],"wp:term":[{"taxonomy":"category","embeddable":true,"href":"https:\/\/freistil.klingt.org\/blog\/wp-json\/wp\/v2\/categories?post=14929"},{"taxonomy":"post_tag","embeddable":true,"href":"https:\/\/freistil.klingt.org\/blog\/wp-json\/wp\/v2\/tags?post=14929"}],"curies":[{"name":"wp","href":"https:\/\/api.w.org\/{rel}","templated":true}]}}