{"id":15054,"date":"2025-10-28T23:50:24","date_gmt":"2025-10-28T21:50:24","guid":{"rendered":"https:\/\/freistil.klingt.org\/blog\/?p=15054"},"modified":"2025-10-28T23:50:24","modified_gmt":"2025-10-28T21:50:24","slug":"lepaisseur-de-lair-live","status":"publish","type":"post","link":"https:\/\/freistil.klingt.org\/blog\/lepaisseur-de-lair-live\/","title":{"rendered":"L&#8217;Epaisseur de l&#8217;air &#8211; Live"},"content":{"rendered":"\n<pre class=\"wp-block-preformatted\"><\/pre>\n\n\n\n<h2 class=\"wp-block-heading alignwide\" id=\"we-re-a-studio-in-berlin-with-an-international-practice-in-architecture-urban-planning-and-interior-design-we-believe-in-sharing-knowledge-and-promoting-dialogue-to-increase-the-creative-potential-of-collaboration\" style=\"font-size:20px;line-height:1.1\"><span style=\"color: #9a3625;\">JEAN-LUC GUIONNET<\/span><\/h2>\n\n\n\n<p><em>l&#8217;epaisseur de l&#8217;air<\/em><br>Potlatch<br><\/p>\n\n\n\n<figure class=\"wp-block-image size-full is-resized\"><img fetchpriority=\"high\" decoding=\"async\" width=\"622\" height=\"556\" src=\"https:\/\/freistil.klingt.org\/blog\/wp-content\/uploads\/2025\/10\/cover_cd_guionnet_solo.png\" alt=\"\" class=\"wp-image-15055\" style=\"width:200px\" srcset=\"https:\/\/freistil.klingt.org\/blog\/wp-content\/uploads\/2025\/10\/cover_cd_guionnet_solo.png 622w, https:\/\/freistil.klingt.org\/blog\/wp-content\/uploads\/2025\/10\/cover_cd_guionnet_solo-300x268.png 300w\" sizes=\"(max-width: 622px) 100vw, 622px\" \/><\/figure>\n\n\n\n<p>Neben Gro\u00dftaten in Bands wie The Fish und The Ames Room und gro\u00dfformatigen Kompositionen agiert Jean-Luc Guionnet gelegentlich auch solo. Das da ist seine zweite Solo-Saxofon-Platte, sie versammelt Aufnahmen aus den famosen Instants Chavir\u00e9s in Montreuil (eine U-Bahn-Station au\u00dferhalb von Paris). Hierzulande brillierte Guionnet zweimal solo, einmal bei den artacts im Tiroler St. Johann, einmal bei den New Adits in Klagenfurt, beide Male in einer Kirche, wo sich Guionnets k\u00f6rperbetonter, muskul\u00f6ser Sound aufgrund des Halls optimal entfalten kann. In der sp\u00e4ten Nachfolge von etwa Jimmy Lyons und Anthony Braxton (<em>For Alto<\/em>) sprie\u00dfen junge und mitteljunge Altsaxofonistinnen wie die Schwammerln aus dem fruchtbaren Boden (Sakina Abdou, Amalie Dahl, Christine Abdelnour, Mette Rasmussen, Anna H\u00f6gberg u.v.a.). Guionnet, der Theoretiker, Philosoph und Mathematiker am Altsax, verkn\u00fcpft seine Ambitionen und seine Spielweisen immer auch mit dem Raum, dem Publikum und der Atmosph\u00e4re, in der er auftritt. Mit vergleichsweise vielen Obert\u00f6nen und ihren Echos arbeitet der Franzose hier im nichtsakralen Raum mit der &#8222;Dicke der Luft&#8220;, wie er sein Live-Album betitelt. Er macht Unterschiede, er macht den Unterschied. Man ahnt es schon: eine unfassbar gro\u00dfartige Musik!<\/p>\n\n\n\n<p class=\"has-text-align-right\"><em>felix<\/em><\/p>\n\n\n\n<p><\/p>\n\n\n\n\n\n<p><\/p>\n","protected":false},"excerpt":{"rendered":"<p>JEAN-LUC GUIONNET l&#8217;epaisseur de l&#8217;airPotlatch Neben Gro\u00dftaten in Bands wie The Fish und The Ames Room und gro\u00dfformatigen Kompositionen agiert Jean-Luc Guionnet gelegentlich auch solo. Das da ist seine zweite Solo-Saxofon-Platte, sie versammelt Aufnahmen aus den famosen Instants Chavir\u00e9s in Montreuil (eine U-Bahn-Station au\u00dferhalb von Paris). Hierzulande brillierte Guionnet zweimal solo, einmal bei den artacts [&hellip;]<\/p>\n","protected":false},"author":2,"featured_media":15055,"comment_status":"closed","ping_status":"closed","sticky":false,"template":"","format":"standard","meta":{"_acf_changed":false,"footnotes":""},"categories":[7],"tags":[],"class_list":["post-15054","post","type-post","status-publish","format-standard","has-post-thumbnail","hentry","category-platten"],"acf":[],"_links":{"self":[{"href":"https:\/\/freistil.klingt.org\/blog\/wp-json\/wp\/v2\/posts\/15054","targetHints":{"allow":["GET"]}}],"collection":[{"href":"https:\/\/freistil.klingt.org\/blog\/wp-json\/wp\/v2\/posts"}],"about":[{"href":"https:\/\/freistil.klingt.org\/blog\/wp-json\/wp\/v2\/types\/post"}],"author":[{"embeddable":true,"href":"https:\/\/freistil.klingt.org\/blog\/wp-json\/wp\/v2\/users\/2"}],"replies":[{"embeddable":true,"href":"https:\/\/freistil.klingt.org\/blog\/wp-json\/wp\/v2\/comments?post=15054"}],"version-history":[{"count":4,"href":"https:\/\/freistil.klingt.org\/blog\/wp-json\/wp\/v2\/posts\/15054\/revisions"}],"predecessor-version":[{"id":15059,"href":"https:\/\/freistil.klingt.org\/blog\/wp-json\/wp\/v2\/posts\/15054\/revisions\/15059"}],"wp:featuredmedia":[{"embeddable":true,"href":"https:\/\/freistil.klingt.org\/blog\/wp-json\/wp\/v2\/media\/15055"}],"wp:attachment":[{"href":"https:\/\/freistil.klingt.org\/blog\/wp-json\/wp\/v2\/media?parent=15054"}],"wp:term":[{"taxonomy":"category","embeddable":true,"href":"https:\/\/freistil.klingt.org\/blog\/wp-json\/wp\/v2\/categories?post=15054"},{"taxonomy":"post_tag","embeddable":true,"href":"https:\/\/freistil.klingt.org\/blog\/wp-json\/wp\/v2\/tags?post=15054"}],"curies":[{"name":"wp","href":"https:\/\/api.w.org\/{rel}","templated":true}]}}