{"id":15460,"date":"2026-03-12T05:05:44","date_gmt":"2026-03-12T03:05:44","guid":{"rendered":"https:\/\/freistil.klingt.org\/blog\/?p=15460"},"modified":"2026-04-03T16:24:38","modified_gmt":"2026-04-03T14:24:38","slug":"jedes-wort-zaehlt","status":"publish","type":"post","link":"https:\/\/freistil.klingt.org\/blog\/jedes-wort-zaehlt\/","title":{"rendered":"Jedes Wort z\u00e4hlt"},"content":{"rendered":"\n<h3 class=\"wp-block-heading\">Ant\u00f3nio Lobo Antunes (1942\u20132026)<\/h3>\n\n\n\n\n\n<p>Portugal und seine Geschichte des Kolonialismus waren von Beginn an zentrale Themen in der Literatur von Ant\u00f3nio Lobo Antunes. Auch aus eigener Erfahrung, immerhin musste er mehr als zwei Jahre lang als Arzt im damals portugiesisch okkupierten Angola arbeiten. Untrennbar damit verbunden sind seine Erinnerungen an das Land unter dem Salazar-Faschismus, der den Schriftsteller, damals Kommunist, ins Gef\u00e4ngnis sperrte.<\/p>\n\n\n\n<p>Die kurze Zeit der Befreiung vom Faschismus, 1974, Nelkenrevolution genannt, diente ihm ebenso als Stoff f\u00fcr ausgiebige Reflexionen wie sein Brotberuf als Nervenarzt und als Psychiater in Lissabon (zu lesen unter anderem in <em>Einblick in die H\u00f6lle<\/em>). Die Hassliebe zu seinem Land und seinen Leuten (vielsagend in <em>Portugals strahlende Gr\u00f6\u00dfe<\/em>) zieht sich als roter Faden durch sein umfangreiches Werk. Der Vielschreiber von Romanen (deren erster, <em>Elefantenged\u00e4chtnis<\/em>, erst sp\u00e4t in deutscher \u00dcbersetzung erschien) entwickelte im Lauf der Jahre, ausgehend von stringenter Prosa, wie etwa in <em>Die nat\u00fcrliche Ordnung der Dinge<\/em> oder im umfangreichen <em>Fado Alexandrino<\/em>, eine mitunter Schwindel erregende Vielstimmigkeit \u2013 eine mit keinem anderen Schriftsteller verwechselbare Polyphonie mit h\u00e4ufig wiederkehrenden Loops, Perspektive- und Zeitspr\u00fcngen.<\/p>\n\n\n\n<p>So nebenbei verfasste Antunes im Zwei-Wochen-Rhythmus charmante Miniaturen f\u00fcr die portugiesische Tageszeitung <em>Publico<\/em> (nachzulesen im <em>Buch der Chroniken<\/em> 1\u20133). Anfang M\u00e4rz dieses Jahres ist Ant\u00f3nio Lobo Antunes 83-j\u00e4hrig verstorben. Ein guter Meter Hausbibliothek h\u00e4lt die Erinnerung an diesen famosen Weltliteraten wach. Seine Sprachkunst l\u00e4sst an Virtuosit\u00e4t, Wahrhaftigkeit, Leidenschaft, Magie und Fantasie keine W\u00fcnsche offen. Weil jedes Wort z\u00e4hlt.<\/p>\n\n\n\n<figure class=\"wp-block-image size-large is-resized\"><img fetchpriority=\"high\" decoding=\"async\" width=\"734\" height=\"1024\" src=\"https:\/\/freistil.klingt.org\/blog\/wp-content\/uploads\/2026\/03\/nachruf_122_antunes4-734x1024.jpg\" alt=\"\" class=\"wp-image-15462\" style=\"aspect-ratio:0.7162393162393162;width:419px;height:auto\" srcset=\"https:\/\/freistil.klingt.org\/blog\/wp-content\/uploads\/2026\/03\/nachruf_122_antunes4-734x1024.jpg 734w, https:\/\/freistil.klingt.org\/blog\/wp-content\/uploads\/2026\/03\/nachruf_122_antunes4-215x300.jpg 215w, https:\/\/freistil.klingt.org\/blog\/wp-content\/uploads\/2026\/03\/nachruf_122_antunes4-768x1072.jpg 768w, https:\/\/freistil.klingt.org\/blog\/wp-content\/uploads\/2026\/03\/nachruf_122_antunes4.jpg 960w\" sizes=\"(max-width: 734px) 100vw, 734px\" \/><\/figure>\n\n\n\n<p><\/p>\n\n\n\n<p><\/p>\n\n\n\n<p><em>freiSpruch<\/em> aus freiStil #8:<\/p>\n\n\n\n<p>&#8230; Und wie immer, wenn er nicht schlafen konnte, hatten die Verr\u00fcckten aus seiner Kindheit, die z\u00e4rtlichen, dem\u00fctigen, aufgebrachten, mit den Armen wedelnden Verr\u00fcckten seiner Kindheit, begonnen, einer nach dem anderen in einer elenden und zugleich pr\u00e4chtigen Prozession von Clowns aus der Dunkelheit herunterzusteigen, schr\u00e4g angestrahlt durch den diagonalen Scheinwerfer der Erinnerung, zur alten Musik eines Dachbodengrammophons, das einen rheumatischen Walzer \u00fcber die vom stumpfen Schmutz des Staubes bedeckten Holzpferde hiweggreinte &#8230; (aus: <em>Einblick in die H\u00f6lle<\/em>)<\/p>\n\n\n\n<p><\/p>\n","protected":false},"excerpt":{"rendered":"<p>Ant\u00f3nio Lobo Antunes (1942\u20132026) Portugal und seine Geschichte des Kolonialismus waren von Beginn an zentrale Themen in der Literatur von Ant\u00f3nio Lobo Antunes. Auch aus eigener Erfahrung, immerhin musste er mehr als zwei Jahre lang als Arzt im damals portugiesisch okkupierten Angola arbeiten. Untrennbar damit verbunden sind seine Erinnerungen an das Land unter dem Salazar-Faschismus, [&hellip;]<\/p>\n","protected":false},"author":2,"featured_media":15461,"comment_status":"closed","ping_status":"closed","sticky":false,"template":"","format":"standard","meta":{"_acf_changed":false,"footnotes":""},"categories":[70],"tags":[],"class_list":["post-15460","post","type-post","status-publish","format-standard","has-post-thumbnail","hentry","category-nachrufe"],"acf":[],"_links":{"self":[{"href":"https:\/\/freistil.klingt.org\/blog\/wp-json\/wp\/v2\/posts\/15460","targetHints":{"allow":["GET"]}}],"collection":[{"href":"https:\/\/freistil.klingt.org\/blog\/wp-json\/wp\/v2\/posts"}],"about":[{"href":"https:\/\/freistil.klingt.org\/blog\/wp-json\/wp\/v2\/types\/post"}],"author":[{"embeddable":true,"href":"https:\/\/freistil.klingt.org\/blog\/wp-json\/wp\/v2\/users\/2"}],"replies":[{"embeddable":true,"href":"https:\/\/freistil.klingt.org\/blog\/wp-json\/wp\/v2\/comments?post=15460"}],"version-history":[{"count":6,"href":"https:\/\/freistil.klingt.org\/blog\/wp-json\/wp\/v2\/posts\/15460\/revisions"}],"predecessor-version":[{"id":15511,"href":"https:\/\/freistil.klingt.org\/blog\/wp-json\/wp\/v2\/posts\/15460\/revisions\/15511"}],"wp:featuredmedia":[{"embeddable":true,"href":"https:\/\/freistil.klingt.org\/blog\/wp-json\/wp\/v2\/media\/15461"}],"wp:attachment":[{"href":"https:\/\/freistil.klingt.org\/blog\/wp-json\/wp\/v2\/media?parent=15460"}],"wp:term":[{"taxonomy":"category","embeddable":true,"href":"https:\/\/freistil.klingt.org\/blog\/wp-json\/wp\/v2\/categories?post=15460"},{"taxonomy":"post_tag","embeddable":true,"href":"https:\/\/freistil.klingt.org\/blog\/wp-json\/wp\/v2\/tags?post=15460"}],"curies":[{"name":"wp","href":"https:\/\/api.w.org\/{rel}","templated":true}]}}