{"id":75,"date":"2025-07-11T16:40:40","date_gmt":"2025-07-11T14:40:40","guid":{"rendered":"https:\/\/freistil.klingt.org\/blog\/?p=75"},"modified":"2025-08-23T11:55:48","modified_gmt":"2025-08-23T09:55:48","slug":"remise","status":"publish","type":"post","link":"https:\/\/freistil.klingt.org\/blog\/remise\/","title":{"rendered":"remise"},"content":{"rendered":"<h2>MAX NAGL<\/h2>\n<p><em>remise<\/em><br \/>\nrude noises<\/p>\n<p><img decoding=\"async\" title=\"cover_cd_120_nagl\" src=\"https:\/\/freistil.klingt.org\/blog\/wp-content\/uploads\/elementor\/thumbs\/cover_cd_120_nagl-r8ltwiecqnmwedfssrzw8ttvv7eyk0c0ntjlt6d62g.jpg\" alt=\"MAX NAGL - remise\" \/><\/p>\n<p>Nach der Fahrt mit dem <em>Moped,<\/em> so der Name seiner vorherigen Solo-CD, landet Max Nagl diesmal in der Re\u00admise, wie alle Soloarbeiten auf seinem Rude Noises-La\u00adbel. Nagl zieht wieder s\u00e4mtliche Register, f\u00fcr die er international bekannt ist: vom Alt\u00adsaxofonsolo \u00fcber Collagen von Musik und field recordings bis zum Heavy Rock in der Tradition seiner fr\u00fchen Band Manhattan Love Suicide. Da\u00adzu bedient er sich, neben dem Saxofon, der Klarinette, dem Klavier, der Gitarre, des Schlag\u00adzeugs, des Samplings und di\u00adverser Klein- und Kleinst\u00adins\u00adtrumente und l\u00e4sst f\u00fcr das wundersame <em>Mbira<\/em> die ihm ziemlich gut bekannte Violi\u00adnis\u00adtin Anne Harvey-Nagl gastieren. Selbstverst\u00e4ndlich sind in Nagls genialen Montagen auch Ger\u00e4usche von Stra\u00dfen\u00adbahnen zu h\u00f6ren, deren Hei\u00admat ja die Remise ist. Wie im\u00admer erfrischt, dass Max Nagl seine Kompositionen nicht mit Titeln wie <em>akronym VII<\/em> oder <em>habitus IV<\/em> oder \u00e4hnlichem Quatsch versieht, wie das in zeitgen\u00f6ssischen Mu\u00adsiken gang und g\u00e4be ist, sondern <em>Papageis<\/em> oder <em>Schotten\u00adtor<\/em> oder <em>Bahn\u00fcbergang,<\/em> dazu gesellt er acht Variationen von <em>Gumpklav,<\/em> hm. Wir begegnen einem Sammelsurium an Me\u00adlodie- und Ger\u00e4uscheinf\u00e4llen. Max Nagl: ein Genie, nicht nur zwischendurch, sondern in Permanenz, ein Magier der Klang(er)findung. Ich fahre da\u00adrauf komplett ab.<\/p>\n<p style=\"text-align: right;\"><em>felix<\/em><\/p>\n","protected":false},"excerpt":{"rendered":"<p>MAX NAGL remise rude noises Nach der Fahrt mit dem Moped, so der Name seiner vorherigen Solo-CD, landet Max Nagl diesmal in der Re\u00admise, wie alle Soloarbeiten auf seinem Rude Noises-La\u00adbel. Nagl zieht wieder s\u00e4mtliche Register, f\u00fcr die er international bekannt ist: vom Alt\u00adsaxofonsolo \u00fcber Collagen von Musik und field recordings bis zum Heavy Rock [&hellip;]<\/p>\n","protected":false},"author":2,"featured_media":72,"comment_status":"closed","ping_status":"closed","sticky":false,"template":"","format":"standard","meta":{"_acf_changed":false,"footnotes":""},"categories":[7],"tags":[],"class_list":["post-75","post","type-post","status-publish","format-standard","has-post-thumbnail","hentry","category-platten"],"acf":[],"_links":{"self":[{"href":"https:\/\/freistil.klingt.org\/blog\/wp-json\/wp\/v2\/posts\/75","targetHints":{"allow":["GET"]}}],"collection":[{"href":"https:\/\/freistil.klingt.org\/blog\/wp-json\/wp\/v2\/posts"}],"about":[{"href":"https:\/\/freistil.klingt.org\/blog\/wp-json\/wp\/v2\/types\/post"}],"author":[{"embeddable":true,"href":"https:\/\/freistil.klingt.org\/blog\/wp-json\/wp\/v2\/users\/2"}],"replies":[{"embeddable":true,"href":"https:\/\/freistil.klingt.org\/blog\/wp-json\/wp\/v2\/comments?post=75"}],"version-history":[{"count":15,"href":"https:\/\/freistil.klingt.org\/blog\/wp-json\/wp\/v2\/posts\/75\/revisions"}],"predecessor-version":[{"id":14771,"href":"https:\/\/freistil.klingt.org\/blog\/wp-json\/wp\/v2\/posts\/75\/revisions\/14771"}],"wp:featuredmedia":[{"embeddable":true,"href":"https:\/\/freistil.klingt.org\/blog\/wp-json\/wp\/v2\/media\/72"}],"wp:attachment":[{"href":"https:\/\/freistil.klingt.org\/blog\/wp-json\/wp\/v2\/media?parent=75"}],"wp:term":[{"taxonomy":"category","embeddable":true,"href":"https:\/\/freistil.klingt.org\/blog\/wp-json\/wp\/v2\/categories?post=75"},{"taxonomy":"post_tag","embeddable":true,"href":"https:\/\/freistil.klingt.org\/blog\/wp-json\/wp\/v2\/tags?post=75"}],"curies":[{"name":"wp","href":"https:\/\/api.w.org\/{rel}","templated":true}]}}