{"id":79,"date":"2025-07-11T16:43:33","date_gmt":"2025-07-11T14:43:33","guid":{"rendered":"https:\/\/freistil.klingt.org\/blog\/?p=79"},"modified":"2026-01-20T21:31:06","modified_gmt":"2026-01-20T19:31:06","slug":"weird-morning-meeting","status":"publish","type":"post","link":"https:\/\/freistil.klingt.org\/blog\/weird-morning-meeting\/","title":{"rendered":"weird morning meeting"},"content":{"rendered":"<h2>OTOMO \/ \u0160KRIJELJ \/ MALMENDIER<\/h2>\n\n\n<p><em>weird morning meeting<\/em><br>eux saem<br><strong>Otomo Yoshihide (tt), Emilie \u0160krijelj<\/strong> (akk), <strong>Tom Malmen\u00addier<\/strong> (dr)<\/p>\n\n\n\n<p><\/p>\n\n\n<p><img decoding=\"async\" src=\"https:\/\/freistil.klingt.org\/blog\/wp-content\/uploads\/elementor\/thumbs\/cover_cd_120_otomo-r8ltwjc6xho6pzefnaeitblcglabrpfqzy73agbrpk.jpg\" title=\"cover_cd_120_otomo\" alt=\"OTOMO \/ \u0160KRIJELJ \/ MALMENDIER - weird morning meeting\" loading=\"lazy\" \/><\/p>\n\n\n<p>Eine Tour de Force en Fran\u00adce! Angefeuert von Drummer Tom Malendier, toben sich Otomo Yoshihide und Emilie \u0160krijelj, die auch h\u00f6chst originell das Akkordeon zu bearbeiten wei\u00df, an den Turn\u00adtab\u00adles aus wie die jungen Hun\u00adde. Der Live-Mitschnitt aus Marseille besitzt den Charak\u00adter der Atemlosigkeit einer Punkband, nur halt mit gro\u00dfteils anderem Instrumen\u00adta\u00adri\u00adum. Wenn das Trio einmal nicht drauflos hetzt und fetzt, als g\u00e4be es kein morgen, pfeift es aus den Rillen in ho\u00adhen T\u00f6nen zu den tiefergeleg\u00adten der Drums. An den oberen Sph\u00e4ren der Intensit\u00e4t \u00e4n\u00addert das nichts. Und am Ende droht noch einmal alles zu ex\u00adplodieren. Der Titel des einzigen, dreiviertelst\u00fcndigen St\u00fccks dieser wilden Jagd sagt eigentlich eh schon alles: Es handelt sich um nichts weniger als ein <em>Weird morning meeting.<\/em> Ich w\u00fcrde mir diesen Tontr\u00e4ger vielleicht nicht zum Fr\u00fchst\u00fcck verabreichen, live m\u00f6chte ich aber liebend gern dabeigewesen sein.<\/p>\n\n\n\n<p class=\"has-text-align-right\"><p><em>(felix)<\/em><\/p><\/p>\n\n\n\n<p><\/p>\n","protected":false},"excerpt":{"rendered":"<p>OTOMO \/ \u0160KRIJELJ \/ MALMENDIER weird morning meetingeux saemOtomo Yoshihide (tt), Emilie \u0160krijelj (akk), Tom Malmen\u00addier (dr) Eine Tour de Force en Fran\u00adce! Angefeuert von Drummer Tom Malendier, toben sich Otomo Yoshihide und Emilie \u0160krijelj, die auch h\u00f6chst originell das Akkordeon zu bearbeiten wei\u00df, an den Turn\u00adtab\u00adles aus wie die jungen Hun\u00adde. Der Live-Mitschnitt aus [&hellip;]<\/p>\n","protected":false},"author":2,"featured_media":73,"comment_status":"closed","ping_status":"closed","sticky":false,"template":"","format":"standard","meta":{"_acf_changed":false,"footnotes":""},"categories":[7],"tags":[],"class_list":["post-79","post","type-post","status-publish","format-standard","has-post-thumbnail","hentry","category-platten"],"acf":[],"_links":{"self":[{"href":"https:\/\/freistil.klingt.org\/blog\/wp-json\/wp\/v2\/posts\/79","targetHints":{"allow":["GET"]}}],"collection":[{"href":"https:\/\/freistil.klingt.org\/blog\/wp-json\/wp\/v2\/posts"}],"about":[{"href":"https:\/\/freistil.klingt.org\/blog\/wp-json\/wp\/v2\/types\/post"}],"author":[{"embeddable":true,"href":"https:\/\/freistil.klingt.org\/blog\/wp-json\/wp\/v2\/users\/2"}],"replies":[{"embeddable":true,"href":"https:\/\/freistil.klingt.org\/blog\/wp-json\/wp\/v2\/comments?post=79"}],"version-history":[{"count":23,"href":"https:\/\/freistil.klingt.org\/blog\/wp-json\/wp\/v2\/posts\/79\/revisions"}],"predecessor-version":[{"id":15326,"href":"https:\/\/freistil.klingt.org\/blog\/wp-json\/wp\/v2\/posts\/79\/revisions\/15326"}],"wp:featuredmedia":[{"embeddable":true,"href":"https:\/\/freistil.klingt.org\/blog\/wp-json\/wp\/v2\/media\/73"}],"wp:attachment":[{"href":"https:\/\/freistil.klingt.org\/blog\/wp-json\/wp\/v2\/media?parent=79"}],"wp:term":[{"taxonomy":"category","embeddable":true,"href":"https:\/\/freistil.klingt.org\/blog\/wp-json\/wp\/v2\/categories?post=79"},{"taxonomy":"post_tag","embeddable":true,"href":"https:\/\/freistil.klingt.org\/blog\/wp-json\/wp\/v2\/tags?post=79"}],"curies":[{"name":"wp","href":"https:\/\/api.w.org\/{rel}","templated":true}]}}